{"id":195,"date":"2018-08-28T13:38:02","date_gmt":"2018-08-28T11:38:02","guid":{"rendered":"http:\/\/paradox-voyages.fr\/?p=195"},"modified":"2018-12-19T17:08:24","modified_gmt":"2018-12-19T16:08:24","slug":"cuba-nest-pas-celle-que-vous-croyez","status":"publish","type":"post","link":"https:\/\/paradox-voyages.fr\/index.php\/2018\/08\/28\/cuba-nest-pas-celle-que-vous-croyez\/","title":{"rendered":"Cuba n&rsquo;est pas celle que vous croyez!"},"content":{"rendered":"<p>Encore une d\u00e9couverte de Christophe Colomb qui m\u00e9rite le d\u00e9placement Surtout avant que le tourisme de masse s\u2019y installe pour longtemps !<\/p>\n<div id=\"attachment_1576\" style=\"width: 710px\" class=\"wp-caption aligncenter\"><img aria-describedby=\"caption-attachment-1576\" loading=\"lazy\" class=\" size-full wp-image-1576 aligncenter\" src=\"http:\/\/paradox-voyages.fr\/wp-content\/uploads\/2018\/12\/grue-maria-la-gorda.jpg\" alt=\"grue maria la gorda\" width=\"700\" height=\"525\" srcset=\"https:\/\/paradox-voyages.fr\/wp-content\/uploads\/2018\/12\/grue-maria-la-gorda.jpg 700w, https:\/\/paradox-voyages.fr\/wp-content\/uploads\/2018\/12\/grue-maria-la-gorda-300x225.jpg 300w\" sizes=\"(max-width: 700px) 100vw, 700px\" \/><p id=\"caption-attachment-1576\" class=\"wp-caption-text\">Paradox Voyages &#8211; grue sur eau limpide de Maria la Gorda<\/p><\/div>\n<p>La tr\u00e8s caliente \u00e9quipe de Paradox Voyages concocte toutes les semaines un voyage sur-mesure \u00e0 destination de Cuba pour ses clients\u2026 pourquoi pas vous ?!<\/p>\n<div id=\"attachment_1585\" style=\"width: 710px\" class=\"wp-caption aligncenter\"><img aria-describedby=\"caption-attachment-1585\" loading=\"lazy\" class=\" size-full wp-image-1585 aligncenter\" src=\"http:\/\/paradox-voyages.fr\/wp-content\/uploads\/2018\/12\/port-cienfuegos.jpg\" alt=\"port cienfuegos\" width=\"700\" height=\"525\" srcset=\"https:\/\/paradox-voyages.fr\/wp-content\/uploads\/2018\/12\/port-cienfuegos.jpg 700w, https:\/\/paradox-voyages.fr\/wp-content\/uploads\/2018\/12\/port-cienfuegos-300x225.jpg 300w\" sizes=\"(max-width: 700px) 100vw, 700px\" \/><p id=\"caption-attachment-1585\" class=\"wp-caption-text\">Paradox Voyages &#8211; port de Cienfuegos<\/p><\/div>\n<p>Si on \u00e9vite les p\u00e9riodes cycloniques de septembre et octobre, il y fait bon vivre toute l\u2019ann\u00e9e sur l\u2019\u00eele de Fidel !<\/p>\n<p><strong>Et si vous avez 15 jours \u00e0 consacrer \u00e0 cette \u00eele castriste, Paradox Voyages vous propose \u00e0 la fois le farniente dans des paysages paradisiaques et la d\u00e9couverte des myst\u00e8res et coutumes de la plus grande \u00eele des Antilles avec un circuit \u00e0 2450\u20ac par personne.<\/strong><\/p>\n<p>Vols aller et retour direct au d\u00e9part de Paris avec Air France, arriv\u00e9e \u00e0 la Havane pour 2 nuits au plus bel et embl\u00e9matique h\u00f4tel du quartier de Vedado, l\u2019h\u00f4tel Nacional. Construit en 1930 et depuis toujours li\u00e9 au cin\u00e9ma, il est aujourd&rsquo;hui le si\u00e8ge du Festival du Nouveau cin\u00e9ma latino-am\u00e9ricain qui se tient tous les ans \u00e0 La Havane.<\/p>\n<div id=\"attachment_1578\" style=\"width: 710px\" class=\"wp-caption aligncenter\"><img aria-describedby=\"caption-attachment-1578\" loading=\"lazy\" class=\" size-full wp-image-1578 aligncenter\" src=\"http:\/\/paradox-voyages.fr\/wp-content\/uploads\/2018\/12\/hotel-nacional-la-havane.jpg\" alt=\"hotel nacional la havane\" width=\"700\" height=\"377\" srcset=\"https:\/\/paradox-voyages.fr\/wp-content\/uploads\/2018\/12\/hotel-nacional-la-havane.jpg 700w, https:\/\/paradox-voyages.fr\/wp-content\/uploads\/2018\/12\/hotel-nacional-la-havane-300x162.jpg 300w\" sizes=\"(max-width: 700px) 100vw, 700px\" \/><p id=\"caption-attachment-1578\" class=\"wp-caption-text\">Paradox Voyages &#8211; le mythologique Hotel Nacional de la Havane<\/p><\/div>\n<p>Le 2\u00e8me jour vous pouvez partir pour la journ\u00e9e avec chauffeur et belle voiture am\u00e9ricaine des ann\u00e9es 50, pour Vinales, dans la r\u00e9gion de Pinard el Rio des fabriques de cigares et de rhum.<\/p>\n<div id=\"attachment_1573\" style=\"width: 710px\" class=\"wp-caption aligncenter\"><img aria-describedby=\"caption-attachment-1573\" loading=\"lazy\" class=\" size-full wp-image-1573 aligncenter\" src=\"http:\/\/paradox-voyages.fr\/wp-content\/uploads\/2018\/12\/cienfuegos-carro.jpg\" alt=\"cienfuegos carro\" width=\"700\" height=\"525\" srcset=\"https:\/\/paradox-voyages.fr\/wp-content\/uploads\/2018\/12\/cienfuegos-carro.jpg 700w, https:\/\/paradox-voyages.fr\/wp-content\/uploads\/2018\/12\/cienfuegos-carro-300x225.jpg 300w\" sizes=\"(max-width: 700px) 100vw, 700px\" \/><p id=\"caption-attachment-1573\" class=\"wp-caption-text\">Paradox Voyages &#8211; Cienfuegos<\/p><\/div>\n<p>Puis filez vers Cayo Coco, le petit coin paradisiaque des cara\u00efbes, pour 5 luxueuses nuits au Melia Jardines des Rey.<\/p>\n<div id=\"attachment_1583\" style=\"width: 710px\" class=\"wp-caption aligncenter\"><img aria-describedby=\"caption-attachment-1583\" loading=\"lazy\" class=\" size-full wp-image-1583 aligncenter\" src=\"http:\/\/paradox-voyages.fr\/wp-content\/uploads\/2018\/12\/pinar-del-rio.jpg\" alt=\"pinar del rio\" width=\"700\" height=\"525\" srcset=\"https:\/\/paradox-voyages.fr\/wp-content\/uploads\/2018\/12\/pinar-del-rio.jpg 700w, https:\/\/paradox-voyages.fr\/wp-content\/uploads\/2018\/12\/pinar-del-rio-300x225.jpg 300w\" sizes=\"(max-width: 700px) 100vw, 700px\" \/><p id=\"caption-attachment-1583\" class=\"wp-caption-text\">Paradox Voyages &#8211; Pinar del Rio et son agriculture ancestrale<\/p><\/div>\n<p>Ensuite d\u00e9paysement totale avec 2 nuits chez Lili dans une casa coloniale du quartier historique de Trinidad, ville longtemps isol\u00e9e du reste du monde, le temps s\u2019y est d\u2019ailleurs arr\u00eat\u00e9\u2026 ville de poup\u00e9e aux couleurs pastels et d\u00e9dale de ruelles aux pav\u00e9s in\u00e9gaux. Brochettes de maisons\/mus\u00e9es coloniales renfermant des tr\u00e9sors de bibelots, photos de famille, pacotilles, verrerie, lustres en cristal de baccarat, marbre, mobilier en bois pr\u00e9cieux.. Traces d\u2019un faste pass\u00e9 et seuls survivants et t\u00e9moins de la rivalit\u00e9 entre les riches familles aristocrates de l\u2019\u00e9poque. Et la casa musica sur la place principale o\u00f9 \u00e9couter et danser sur du Bueana Vista Social Club en sirotant du Cuba libre ou mojito.<\/p>\n<div id=\"attachment_1586\" style=\"width: 710px\" class=\"wp-caption aligncenter\"><img aria-describedby=\"caption-attachment-1586\" loading=\"lazy\" class=\" size-full wp-image-1586 aligncenter\" src=\"http:\/\/paradox-voyages.fr\/wp-content\/uploads\/2018\/12\/trinidad-calle-1.jpg\" alt=\"trinidad calle 1\" width=\"700\" height=\"525\" srcset=\"https:\/\/paradox-voyages.fr\/wp-content\/uploads\/2018\/12\/trinidad-calle-1.jpg 700w, https:\/\/paradox-voyages.fr\/wp-content\/uploads\/2018\/12\/trinidad-calle-1-300x225.jpg 300w\" sizes=\"(max-width: 700px) 100vw, 700px\" \/><p id=\"caption-attachment-1586\" class=\"wp-caption-text\">Paradox Voyages &#8211; Juan Manuel Marquez Trinidad<\/p><\/div>\n<p>Et terminer ce voyage dans le temps avec 5 nuits au Coralia Playa de Oro en formule \u00ab tout inclus \u00bb dans une station baln\u00e9aire r\u00e9put\u00e9e dans le monde entier, sur le bord d\u2019une mer de r\u00eave, dans un complexe touristique de Varadero o\u00f9 buller, faire des sports nautiques et \u00e9couter de la musique dans d\u2019excellents clubs.<\/p>\n<div id=\"attachment_1582\" style=\"width: 710px\" class=\"wp-caption aligncenter\"><img aria-describedby=\"caption-attachment-1582\" loading=\"lazy\" class=\" size-full wp-image-1582 aligncenter\" src=\"http:\/\/paradox-voyages.fr\/wp-content\/uploads\/2018\/12\/paseo-del-prado-la-havane.jpg\" alt=\"paseo del prado la havane\" width=\"700\" height=\"476\" srcset=\"https:\/\/paradox-voyages.fr\/wp-content\/uploads\/2018\/12\/paseo-del-prado-la-havane.jpg 700w, https:\/\/paradox-voyages.fr\/wp-content\/uploads\/2018\/12\/paseo-del-prado-la-havane-300x204.jpg 300w\" sizes=\"(max-width: 700px) 100vw, 700px\" \/><p id=\"caption-attachment-1582\" class=\"wp-caption-text\">Paradox Voyages &#8211; Paseo del Prado La Havane<\/p><\/div>\n<p>Arrachez-vous donc de la carte postale touristique de Paris pour passer 15 jours dans un d\u00e9cor de cin\u00e9ma \u00e0 la cubaine !<\/p>\n<p>Juste un passeport valide et une carte touristique pour Cuba et son \u00e9ternel soleil !<\/p>\n<div id=\"attachment_1589\" style=\"width: 710px\" class=\"wp-caption aligncenter\"><img aria-describedby=\"caption-attachment-1589\" loading=\"lazy\" class=\" size-full wp-image-1589 aligncenter\" src=\"http:\/\/paradox-voyages.fr\/wp-content\/uploads\/2018\/12\/trinidad-calle.jpg\" alt=\"trinidad calle\" width=\"700\" height=\"525\" srcset=\"https:\/\/paradox-voyages.fr\/wp-content\/uploads\/2018\/12\/trinidad-calle.jpg 700w, https:\/\/paradox-voyages.fr\/wp-content\/uploads\/2018\/12\/trinidad-calle-300x225.jpg 300w\" sizes=\"(max-width: 700px) 100vw, 700px\" \/><p id=\"caption-attachment-1589\" class=\"wp-caption-text\">Paradox Voyages &#8211; Trinidad calle<\/p><\/div>\n<p>Voici quelques lieux o\u00f9 vous abreuver et vous sustenter en commen\u00e7ant par la capitale, la Havane :<\/p>\n<p>&#8211; Le charme d\u00e9suet de l\u2019un des plus beaux h\u00f4tels de la Havane, l\u2019h\u00f4tel Nacional construit en 1930 dans le quartier chic du Vedado, un v\u00e9ritable voyage dans le temps, un d\u00e9jeuner ou une Mayabe \u00e0 la terrasse surplombant la baie, d\u2019o\u00f9 vous pourrez tout voir du Malecon sans \u00eatre vu !<\/p>\n<div id=\"attachment_207\" style=\"width: 830px\" class=\"wp-caption aligncenter\"><img aria-describedby=\"caption-attachment-207\" loading=\"lazy\" class=\" size-full wp-image-207 aligncenter\" src=\"http:\/\/paradox-voyages.fr\/wp-content\/uploads\/2018\/08\/hotel-nacional-de-cuba-la-habana-008.jpg\" alt=\"hotel-nacional-de-cuba-la-habana-008\" width=\"820\" height=\"560\" srcset=\"https:\/\/paradox-voyages.fr\/wp-content\/uploads\/2018\/08\/hotel-nacional-de-cuba-la-habana-008.jpg 820w, https:\/\/paradox-voyages.fr\/wp-content\/uploads\/2018\/08\/hotel-nacional-de-cuba-la-habana-008-300x205.jpg 300w, https:\/\/paradox-voyages.fr\/wp-content\/uploads\/2018\/08\/hotel-nacional-de-cuba-la-habana-008-768x524.jpg 768w\" sizes=\"(max-width: 820px) 100vw, 820px\" \/><p id=\"caption-attachment-207\" class=\"wp-caption-text\">Hotel Nacional La Havane<\/p><\/div>\n<p>&#8211; Los Nardos, juste en face du Capitole, propose de prendre place dans de surprenantes et lourdes balancelles pour vous faire patienter car r\u00e9servation impossible, dans une d\u00e9co sombre, tout en acajou, \u00e9clair\u00e9e par des bougies\u2026 des sp\u00e9cialit\u00e9s cubaines servies par de jeunes et charmants jeunes hommes polyglotes. Des portions gargantuesques avec doggy bags possibles bien s\u00fbr !<\/p>\n<p>&#8211; La Flor de Loto pour la curiosit\u00e9 d\u2019une d\u00e9co de restaurant chinois avec une cuisine asiatique mais aussi cubaine toujours dans des proportions pantagru\u00e9liques et tr\u00e8s bon march\u00e9. Le rep\u00e8re des familles cubaines ! d\u00e9paysement garanti dans ce quartier populaire et moins touristique !<\/p>\n<p>&#8211; bonne cuisine et d\u00e9cor \u00e9l\u00e9gant dans le jardin clos de la Cocina de Liliam.<\/p>\n<p>&#8211; Le D\u00e9cam\u00e9ron, bonne cuisine et bonne carte des vins.<\/p>\n<p>&#8211; tr\u00e8s belle carte des vins sur la terrasse pieds dans la mer du Riomar ou une autre belle terrasse sur la mer au Vistamar toujours \u00e0 Miramar.<\/p>\n<p>&#8211; Castropol, resto simple au rdc et plus sophistiqu\u00e9 \u00e0 l&rsquo;\u00e9tage avec terrasse sur la promenade du Malecon et sa vue imprenable.<\/p>\n<p>&#8211; celui sur le toit en terrasse d&rsquo;une ancienne usine d&rsquo;huile, bonne ch\u00e8re et bon vin au El Cocinera.<\/p>\n<p>&#8211; L&rsquo;Atelier dans une tr\u00e8s belle maison ancienne du Vedado, vaisselle, verrerie, belles nappes, bonne table et bons vins.<\/p>\n<p>&#8211; une palette d&rsquo;agneau pour les voraces \u00e0 la terrasse du tr\u00e8s \u00e0 la mode VIP.<\/p>\n<p>&#8211; Un mus\u00e9e cher et trop guind\u00e9 mais incontournable du daiquiri en compagnie du fantome d\u2019Hemingway au El Floridita !<\/p>\n<div id=\"attachment_1580\" style=\"width: 710px\" class=\"wp-caption aligncenter\"><img aria-describedby=\"caption-attachment-1580\" loading=\"lazy\" class=\" size-full wp-image-1580 aligncenter\" src=\"http:\/\/paradox-voyages.fr\/wp-content\/uploads\/2018\/12\/la-torre-de-la-havane.jpg\" alt=\"la torre de la havane\" width=\"700\" height=\"933\" srcset=\"https:\/\/paradox-voyages.fr\/wp-content\/uploads\/2018\/12\/la-torre-de-la-havane.jpg 700w, https:\/\/paradox-voyages.fr\/wp-content\/uploads\/2018\/12\/la-torre-de-la-havane-225x300.jpg 225w\" sizes=\"(max-width: 700px) 100vw, 700px\" \/><p id=\"caption-attachment-1580\" class=\"wp-caption-text\">Paradox Voyages &#8211; La Havane vue panoramique sur el Malecon de La Torre<\/p><\/div>\n<p>&#8211; Resto moyen, bar froid et sans charme mais La Torre vous propose, apr\u00e8s un voyage ultra rapide en ascenseur, d\u2019atteindre le 34\u00e8me \u00e9tage et le plus haut bar de Cuba ! de jour vous y prendrez des photos \u00e0 couper le souffle avec sa vue panoramique \u00e0 380\u00b0 qui vous fait c\u00f4toyer les aigles tournoyant sans cesse autour du plus haut toit de l\u2019immeuble Focsa !<\/p>\n<p>&#8211; Un bon club de jazz : La Zorra y el Cuervo !<\/p>\n<p>&#8211; El Turquino, boite au dernier \u00e9tage du Habana Libre et son toit ouvrant sur les colliers d&rsquo;\u00e9toiles \u00e9tincelantes<\/p>\n<p>&#8211; 22 \u00e9tages \u00e0 votre disposition pour s\u00e9journer tout confort, d\u00e9guster un mojito ou fumer un bon cigare, l&rsquo;h\u00f4tel 5* ultra moderne Melia Cohiba tout de marbre par\u00e9, \u00e9rig\u00e9 face au littoral et dot\u00e9 d&rsquo;une grand piscine. la galerie commerciale ext\u00e9rieure propose la meilleure boutique de vins La Licorera Baco&rsquo;s. Ou bien encore le Jazz Caf\u00e9 en face.<\/p>\n<p>&#8211; Belkis pour y chiner des tr\u00e9sors d&rsquo;un faste disparu, ensevelis sous les ann\u00e9es et la poussi\u00e8re.<\/p>\n<div id=\"attachment_1588\" style=\"width: 710px\" class=\"wp-caption aligncenter\"><img aria-describedby=\"caption-attachment-1588\" loading=\"lazy\" class=\" size-full wp-image-1588 aligncenter\" src=\"http:\/\/paradox-voyages.fr\/wp-content\/uploads\/2018\/12\/vinales-campagne.jpg\" alt=\"vinales campagne\" width=\"700\" height=\"525\" srcset=\"https:\/\/paradox-voyages.fr\/wp-content\/uploads\/2018\/12\/vinales-campagne.jpg 700w, https:\/\/paradox-voyages.fr\/wp-content\/uploads\/2018\/12\/vinales-campagne-300x225.jpg 300w\" sizes=\"(max-width: 700px) 100vw, 700px\" \/><p id=\"caption-attachment-1588\" class=\"wp-caption-text\">Paradox Voyages &#8211; nature \u00e0 perte de vue de Vinales<\/p><\/div>\n<p><strong>Vinales<\/strong> :<\/p>\n<p>&#8211; A 1,5 km du centre-ville, la Finca Agroecologica El Paraiso. Une ferme sur une colline dominant la vall\u00e9e. Une vue magnifique sur la verdoyante r\u00e9gion. Une cuisine naturelle pioch\u00e9e dans le jardin bio autour de la ferme.<\/p>\n<div id=\"attachment_1574\" style=\"width: 710px\" class=\"wp-caption aligncenter\"><img aria-describedby=\"caption-attachment-1574\" loading=\"lazy\" class=\" size-full wp-image-1574 aligncenter\" src=\"http:\/\/paradox-voyages.fr\/wp-content\/uploads\/2018\/12\/cienfuegos-marina.jpg\" alt=\"cienfuegos marina\" width=\"700\" height=\"392\" srcset=\"https:\/\/paradox-voyages.fr\/wp-content\/uploads\/2018\/12\/cienfuegos-marina.jpg 700w, https:\/\/paradox-voyages.fr\/wp-content\/uploads\/2018\/12\/cienfuegos-marina-300x168.jpg 300w\" sizes=\"(max-width: 700px) 100vw, 700px\" \/><p id=\"caption-attachment-1574\" class=\"wp-caption-text\">Paradox Voyages &#8211; marina de Cienfuegos<\/p><\/div>\n<p><strong>Cienfuegos<\/strong> :<\/p>\n<p>&#8211; Pour assister au coucher de soleil autour une excellente pina colada direction La Punta!<\/p>\n<div id=\"attachment_1572\" style=\"width: 710px\" class=\"wp-caption aligncenter\"><img aria-describedby=\"caption-attachment-1572\" loading=\"lazy\" class=\" size-full wp-image-1572 aligncenter\" src=\"http:\/\/paradox-voyages.fr\/wp-content\/uploads\/2018\/12\/casa-de-la-musica-trinidad.jpg\" alt=\"casa de la musica trinidad\" width=\"700\" height=\"357\" srcset=\"https:\/\/paradox-voyages.fr\/wp-content\/uploads\/2018\/12\/casa-de-la-musica-trinidad.jpg 700w, https:\/\/paradox-voyages.fr\/wp-content\/uploads\/2018\/12\/casa-de-la-musica-trinidad-300x153.jpg 300w\" sizes=\"(max-width: 700px) 100vw, 700px\" \/><p id=\"caption-attachment-1572\" class=\"wp-caption-text\">Paradox Voyages &#8211; Casa Musica \u00e0 Trinidad<\/p><\/div>\n<p>Trinidad :<\/p>\n<p>&#8211; Ze place to dance ! La Casa Musica,&nbsp; le rendez-vous du soir pour prendre un verre sur les marches ou pr\u00e8s du bar en plein air, \u00e9couter le groupe de 21h30 et danser sur le reggaeton d\u2019un DJ vers minuit !<\/p>\n<p>&#8211; Dans le patio du restaurant Esguerra o\u00f9 on d\u00e9guste deux \u00e9normes langoustes pour 10\u20ac !<\/p>\n<p>&#8211; Un excellent repas en musique et un voyage dans le temps jusqu\u2019en 1514 ! un diner au mus\u00e9e en quelque sorte au Paladar Museo Quince Catorce !<\/p>\n<div id=\"attachment_1577\" style=\"width: 710px\" class=\"wp-caption aligncenter\"><img aria-describedby=\"caption-attachment-1577\" loading=\"lazy\" class=\" size-full wp-image-1577 aligncenter\" src=\"http:\/\/paradox-voyages.fr\/wp-content\/uploads\/2018\/12\/hostal-lili-trinidad.jpg\" alt=\"hostal lili trinidad\" width=\"700\" height=\"525\" srcset=\"https:\/\/paradox-voyages.fr\/wp-content\/uploads\/2018\/12\/hostal-lili-trinidad.jpg 700w, https:\/\/paradox-voyages.fr\/wp-content\/uploads\/2018\/12\/hostal-lili-trinidad-300x225.jpg 300w\" sizes=\"(max-width: 700px) 100vw, 700px\" \/><p id=\"caption-attachment-1577\" class=\"wp-caption-text\">Paradox Voyages &#8211; Hostal Lili \u00e0 Trinidad<\/p><\/div>\n<p>D\u00e9p\u00eachez-vous de partir \u00e0 la d\u00e9couverte de cette \u00eele si peu touristique qui vous redonnera espoir en la nature humaine et la beaut\u00e9 de la nature tant choy\u00e9e par les cubains.<\/p>\n<p>&nbsp;<\/p>\n\n\n\n\n\n\n\n\n\n","protected":false},"excerpt":{"rendered":"<p>Encore une d\u00e9couverte de Christophe Colomb qui m\u00e9rite le d\u00e9placement Surtout avant que le tourisme de masse s\u2019y installe pour longtemps ! La tr\u00e8s caliente \u00e9quipe de Paradox Voyages concocte toutes les semaines un voyage sur-mesure \u00e0 destination de Cuba pour ses clients\u2026 pourquoi pas vous ?! Si on \u00e9vite les p\u00e9riodes cycloniques de septembre [&hellip;]<\/p>\n","protected":false},"author":1,"featured_media":1591,"comment_status":"open","ping_status":"open","sticky":false,"template":"","format":"standard","meta":[],"categories":[1],"tags":[4,10],"_links":{"self":[{"href":"https:\/\/paradox-voyages.fr\/index.php\/wp-json\/wp\/v2\/posts\/195"}],"collection":[{"href":"https:\/\/paradox-voyages.fr\/index.php\/wp-json\/wp\/v2\/posts"}],"about":[{"href":"https:\/\/paradox-voyages.fr\/index.php\/wp-json\/wp\/v2\/types\/post"}],"author":[{"embeddable":true,"href":"https:\/\/paradox-voyages.fr\/index.php\/wp-json\/wp\/v2\/users\/1"}],"replies":[{"embeddable":true,"href":"https:\/\/paradox-voyages.fr\/index.php\/wp-json\/wp\/v2\/comments?post=195"}],"version-history":[{"count":8,"href":"https:\/\/paradox-voyages.fr\/index.php\/wp-json\/wp\/v2\/posts\/195\/revisions"}],"predecessor-version":[{"id":1592,"href":"https:\/\/paradox-voyages.fr\/index.php\/wp-json\/wp\/v2\/posts\/195\/revisions\/1592"}],"wp:featuredmedia":[{"embeddable":true,"href":"https:\/\/paradox-voyages.fr\/index.php\/wp-json\/wp\/v2\/media\/1591"}],"wp:attachment":[{"href":"https:\/\/paradox-voyages.fr\/index.php\/wp-json\/wp\/v2\/media?parent=195"}],"wp:term":[{"taxonomy":"category","embeddable":true,"href":"https:\/\/paradox-voyages.fr\/index.php\/wp-json\/wp\/v2\/categories?post=195"},{"taxonomy":"post_tag","embeddable":true,"href":"https:\/\/paradox-voyages.fr\/index.php\/wp-json\/wp\/v2\/tags?post=195"}],"curies":[{"name":"wp","href":"https:\/\/api.w.org\/{rel}","templated":true}]}}