{"id":2183,"date":"2019-06-11T20:29:39","date_gmt":"2019-06-11T18:29:39","guid":{"rendered":"http:\/\/paradox-voyages.fr\/?p=2183"},"modified":"2019-06-11T20:29:39","modified_gmt":"2019-06-11T18:29:39","slug":"decouvrez-madere-en-randonnee-sur-lile-aux-fleurs","status":"publish","type":"post","link":"https:\/\/paradox-voyages.fr\/index.php\/2019\/06\/11\/decouvrez-madere-en-randonnee-sur-lile-aux-fleurs\/","title":{"rendered":"D\u00e9couvrez Mad\u00e8re en randonn\u00e9e sur l\u2019\u00eele aux fleurs\u00a0!"},"content":{"rendered":"<p>Circuit 8 jours comprenant avion, s\u00e9jour et excursions \u00e0 Cabo Girao \u00e0 929\u20ac.<\/p>\n<div id=\"attachment_2185\" style=\"width: 550px\" class=\"wp-caption aligncenter\"><img aria-describedby=\"caption-attachment-2185\" loading=\"lazy\" class=\" size-full wp-image-2185 aligncenter\" src=\"http:\/\/paradox-voyages.fr\/wp-content\/uploads\/2019\/06\/cabo-girao-mad-04.jpg\" alt=\"cabo-girao-mad-04\" width=\"540\" height=\"280\" srcset=\"https:\/\/paradox-voyages.fr\/wp-content\/uploads\/2019\/06\/cabo-girao-mad-04.jpg 540w, https:\/\/paradox-voyages.fr\/wp-content\/uploads\/2019\/06\/cabo-girao-mad-04-300x156.jpg 300w\" sizes=\"(max-width: 540px) 100vw, 540px\" \/><p id=\"caption-attachment-2185\" class=\"wp-caption-text\">Paradox Voyages &#8211; Cabo Girao<\/p><\/div>\n<p>Un programme au d\u00e9part du Cabo Gir\u00e3o 4* destin\u00e9 aux amoureux de la nature et aux amateurs de randonn\u00e9e. Partez \u00e0 la d\u00e9couverte des montagnes verdoyantes et des paysages extraordinaires de Mad\u00e8re : quatre randonn\u00e9es avec guide local francophone le long des levadas au c\u0153ur d&rsquo;une v\u00e9g\u00e9tation exub\u00e9rante<\/p>\n<p>Jour 1\u00a0: France &#8211; Funchal : Arriv\u00e9e \u00e0 Mad\u00e8re, accueil et transfert \u00e0 l&rsquo;h\u00f4tel. D\u00eener et nuit \u00e0 l&rsquo;h\u00f4tel.<\/p>\n<p>Jours 2 \u00e0 7 : Cabo Gir\u00e3o &#8211; Au cours de ces 6 journ\u00e9es, d\u00e9couverte privil\u00e9gi\u00e9e de l&rsquo;\u00eele jardin lors de 4 randonn\u00e9es avec pique-nique. Les parcours empruntent d&rsquo;est en ouest des chemins qui bordent les canaux d&rsquo;irrigation, les fameuses \u00ab Levadas \u00bb et des sentiers \u00ab Veredas \u00bb, traversant des paysages exceptionnels et une campagne \u00e0 la v\u00e9g\u00e9tation luxuriante, que les mad\u00e9riens ont su apprivoiser. La dur\u00e9e moyenne de chaque randonn\u00e9e est \u00e9valu\u00e9e \u00e0 \u00bd journ\u00e9e : Environ 4h de marche avec de faibles d\u00e9nivel\u00e9s, se d\u00e9roulant sur une dizaine de kilom\u00e8tres. Le d\u00e9part de l&rsquo;h\u00f4tel est pr\u00e9vu le matin vers 9h et le retour l&rsquo;apr\u00e8s-midi, vers 15h. Un guide de montagne exp\u00e9riment\u00e9 accompagne les randonneurs. S\u00e9jour libre \u00e0 l&rsquo;h\u00f4tel en demi-pension, durant les journ\u00e9es pendant lesquelles il n&rsquo;y a pas de randonn\u00e9e.<\/p>\n<p>Jour 8 : Funchal &#8211; France Transfert \u00e0 l&rsquo;a\u00e9roport et envol pour la France.<\/p>\n<div id=\"attachment_2186\" style=\"width: 550px\" class=\"wp-caption aligncenter\"><img aria-describedby=\"caption-attachment-2186\" loading=\"lazy\" class=\" size-full wp-image-2186 aligncenter\" src=\"http:\/\/paradox-voyages.fr\/wp-content\/uploads\/2019\/06\/cabo-girao-mad-05.jpg\" alt=\"cabo-girao-mad-05\" width=\"540\" height=\"280\" srcset=\"https:\/\/paradox-voyages.fr\/wp-content\/uploads\/2019\/06\/cabo-girao-mad-05.jpg 540w, https:\/\/paradox-voyages.fr\/wp-content\/uploads\/2019\/06\/cabo-girao-mad-05-300x156.jpg 300w\" sizes=\"(max-width: 540px) 100vw, 540px\" \/><p id=\"caption-attachment-2186\" class=\"wp-caption-text\">Paradox Voyages &#8211; Cabo Girao<\/p><\/div>\n<p>Exemples de randonn\u00e9es (\u00e0 titre indicatif) :<\/p>\n<p>Faites le plein de vert !<\/p>\n<p>11km &#8211; 4h de marche environ<\/p>\n<p>C&rsquo;est \u00e0 Ribeiro Frio que d\u00e9butera la randonn\u00e9e, au coeur de la for\u00eat laurif\u00e8re appel\u00e9e \u00ab Laurisilva \u00bb.<\/p>\n<p>La levada d\u00e9voilera ses multiples tonalit\u00e9s de vert et r\u00e9v\u00e8lera des rues contrast\u00e9es sur les rochers et terres agricoles. Les points de vue sont magnifiques, et les chemins parfois tr\u00e8s escarp\u00e9s surplombent des pentes abruptes.<\/p>\n<p>Les 25 fontaines 12km &#8211; 3h30 de marche environ<\/p>\n<p>Cette randonn\u00e9e se d\u00e9roule dans l&rsquo;ouest de l&rsquo;\u00eele, \u00e0 1000m d&rsquo;altitude, sur le plateau de Paul da Serra. Pour atteindre le refuge de Raba\u00e7al, la route serpente \u00e0 travers des paysages grandioses entour\u00e9s de cascades. Le sentier conduit au point fort de l&rsquo;excursion, les \u00ab 25 fontaines \u00bb, o\u00f9 plusieurs sources forment un magnifique petit lagon.<\/p>\n<p>Queimadas \/ Caldeir\u00e3o Verde 12 km &#8211; 4h de marche environ<\/p>\n<p>Paysages verdoyants, for\u00eats luxuriantes, couleur d&rsquo;\u00e9meraude. Le parcours est peupl\u00e9 de lauriers de Mad\u00e8re et de foug\u00e8res arborescentes. Magnifiques jeux d&rsquo;ombres et de lumi\u00e8res jusqu&rsquo;au \u00ab chaudron vert \u00bb. L&rsquo;eau se pr\u00e9cipite en cascade le long du versant escarp\u00e9 et forme, au terme de sa chute, un petit lac aux eaux glaciales.<\/p>\n<p>Pointe de S\u00e3o Louren\u00e7o 10 km &#8211; 4h de marche environ<\/p>\n<p>Une vigoureuse randonn\u00e9e sur la presqu&rsquo;\u00eele de St Laurent au nord-est de l&rsquo;\u00eele. De splendides paysages marins et des panoramas extraordinaires sur le reste de l&rsquo;\u00eele.<\/p>\n<div id=\"attachment_2187\" style=\"width: 550px\" class=\"wp-caption aligncenter\"><img aria-describedby=\"caption-attachment-2187\" loading=\"lazy\" class=\" size-full wp-image-2187 aligncenter\" src=\"http:\/\/paradox-voyages.fr\/wp-content\/uploads\/2019\/06\/cabo-girao-mad-06.jpg\" alt=\"cabo-girao-mad-06\" width=\"540\" height=\"280\" srcset=\"https:\/\/paradox-voyages.fr\/wp-content\/uploads\/2019\/06\/cabo-girao-mad-06.jpg 540w, https:\/\/paradox-voyages.fr\/wp-content\/uploads\/2019\/06\/cabo-girao-mad-06-300x156.jpg 300w\" sizes=\"(max-width: 540px) 100vw, 540px\" \/><p id=\"caption-attachment-2187\" class=\"wp-caption-text\">Paradox Voyages &#8211; Cabo Girao<\/p><\/div>\n<p>Avantages top<\/p>\n<p>&#8211; D\u00e9parts GARANTIS de Paris et province<\/p>\n<p>&#8211; Un seul h\u00f4tel, \u00e9vitant de faire et d\u00e9faire ses bagages<\/p>\n<p>&#8211; 4 randonn\u00e9es, accompagn\u00e9es par un guide exp\u00e9riment\u00e9, incluses<\/p>\n<p>&#8211; L&rsquo;ordre et les jours de randonn\u00e9e seront remis \u00e0 l&rsquo;arriv\u00e9e<\/p>\n<p>&#8211; Programme d\u00e9conseill\u00e9 aux enfants de moins de 12 ans. Les jeunes de moins de 18 ans doivent obligatoirement \u00eatre accompagn\u00e9s d&rsquo;un adulte.<\/p>\n<p>&#8211; Pr\u00e9voir de bonnes chaussures de marche, lampe de poche, petit sac \u00e0 dos, casquette ou chapeau et protection solaire. Les guides sont en droit de refuser le d\u00e9part en randonn\u00e9e aux personnes dont l&rsquo;\u00e9quipement ne serait pas adapt\u00e9<\/p>\n<p>&#8211; Bien qu&rsquo;accessibles \u00e0 toute personne en bonne condition physique, certains itin\u00e9raires peuvent comporter quelques passages vertigineux<\/p>\n<p>&#8211; Avant le voyage, une pr\u00e9paration physique est recommand\u00e9e<\/p>\n<p>H\u00e9bergement top\u00a0: Camara de Lobos : Cabo Gir\u00e3o 4*<\/p>\n<p>&nbsp;<\/p>\n<p>Ces prix comprennent<\/p>\n<p>&#8211; Les vols sp\u00e9ciaux de Paris et province (selon plan de vols)<\/p>\n<p>&#8211; Les transferts \u00e0 l&rsquo;arriv\u00e9e et au retour<\/p>\n<p>&#8211; Le logement 7 nuits en studio double et demi-pension<\/p>\n<p>&#8211; 4 randonn\u00e9es avec pique-nique<\/p>\n<p>&#8211; Les taxes et redevances a\u00e9roportuaires, frais de dossier (90euros), tous deux sujets \u00e0 modifications<\/p>\n<p>L&rsquo;assurance assistance rapatriement<\/p>\n","protected":false},"excerpt":{"rendered":"<p>Circuit 8 jours comprenant avion, s\u00e9jour et excursions \u00e0 Cabo Girao \u00e0 929\u20ac. Un programme au d\u00e9part du Cabo Gir\u00e3o 4* destin\u00e9 aux amoureux de la nature et aux amateurs de randonn\u00e9e. Partez \u00e0 la d\u00e9couverte des montagnes verdoyantes et des paysages extraordinaires de Mad\u00e8re : quatre randonn\u00e9es avec guide local francophone le long des [&hellip;]<\/p>\n","protected":false},"author":1,"featured_media":2185,"comment_status":"open","ping_status":"open","sticky":false,"template":"","format":"standard","meta":[],"categories":[1],"tags":[99,103,4,102,97,11,98,100,101],"_links":{"self":[{"href":"https:\/\/paradox-voyages.fr\/index.php\/wp-json\/wp\/v2\/posts\/2183"}],"collection":[{"href":"https:\/\/paradox-voyages.fr\/index.php\/wp-json\/wp\/v2\/posts"}],"about":[{"href":"https:\/\/paradox-voyages.fr\/index.php\/wp-json\/wp\/v2\/types\/post"}],"author":[{"embeddable":true,"href":"https:\/\/paradox-voyages.fr\/index.php\/wp-json\/wp\/v2\/users\/1"}],"replies":[{"embeddable":true,"href":"https:\/\/paradox-voyages.fr\/index.php\/wp-json\/wp\/v2\/comments?post=2183"}],"version-history":[{"count":1,"href":"https:\/\/paradox-voyages.fr\/index.php\/wp-json\/wp\/v2\/posts\/2183\/revisions"}],"predecessor-version":[{"id":2188,"href":"https:\/\/paradox-voyages.fr\/index.php\/wp-json\/wp\/v2\/posts\/2183\/revisions\/2188"}],"wp:featuredmedia":[{"embeddable":true,"href":"https:\/\/paradox-voyages.fr\/index.php\/wp-json\/wp\/v2\/media\/2185"}],"wp:attachment":[{"href":"https:\/\/paradox-voyages.fr\/index.php\/wp-json\/wp\/v2\/media?parent=2183"}],"wp:term":[{"taxonomy":"category","embeddable":true,"href":"https:\/\/paradox-voyages.fr\/index.php\/wp-json\/wp\/v2\/categories?post=2183"},{"taxonomy":"post_tag","embeddable":true,"href":"https:\/\/paradox-voyages.fr\/index.php\/wp-json\/wp\/v2\/tags?post=2183"}],"curies":[{"name":"wp","href":"https:\/\/api.w.org\/{rel}","templated":true}]}}